{"id":2204,"date":"2019-04-25T09:00:59","date_gmt":"2019-04-25T07:00:59","guid":{"rendered":"http:\/\/www.vivianefreitas.com\/it\/?p=2204"},"modified":"2023-02-20T16:12:42","modified_gmt":"2023-02-20T15:12:42","slug":"serve-allerta-cosa-ti-proteggi","status":"publish","type":"post","link":"https:\/\/www.vivianefreitas.com\/it\/serve-allerta-cosa-ti-proteggi\/","title":{"rendered":"Serve in allerta &#8211; Da cosa ti proteggi?"},"content":{"rendered":"<p>Al giorno d&#8217;oggi, vediamo una ricerca frenetica per l&#8217;aspetto ideale, in tutte le aree della vita. L&#8217;umanit\u00e0 si \u00e8 sempre pi\u00f9 impegnata a difendere la propria immagine personale. Si aggrappano ai loro beni terreni con &#8220;unghie e denti&#8221;, tutti per essere bene nel &#8220;ritratto sociale&#8221;. Hanno posizioni, amicizie, professioni, studi solo per non essere disprezzati.<br \/>\n\u00c8 riprovevole? Niente affatto!<\/p>\n<p>In realt\u00e0, tutto ci\u00f2 che realizziamo nella vita con impegno e dedizione deve essere mantenuto e preservato. Il problema \u00e8 quando salvaguardiamo tutto questo al di sopra della buona coscienza. Cosa intendi? Quando manteniamo una falsa apparenza, anche se ci\u00f2 mette in discussione la nostra salvezza. \u00c8 proprio qui che dimora il pericolo, dal momento che emergono bugie, inganni, menzogne e ipocrisie.<\/p>\n<p>Non sono poche le serve che sono state influenzate dall&#8217;immagine, temono di perdere una responsabilit\u00e0 che hanno, un titolo o persino la loro buona reputazione. Si sono conservate da tutto e da tutti, meno della cosa pi\u00f9 importante. Guardate ci\u00f2 che \u00e8 scritto nella Parola di Dio in Deuteronomio 6:12: &#8220;Prestate attenzione a voi, che non dimenticate il Signore, che vi ha fatto uscire dal paese d&#8217;Egitto dalla casa della schiavit\u00f9&#8221;.<\/p>\n<p>Vedi che in questo verso l&#8217;ordine dato \u00e8 perentorio, per proteggerci e non dimenticare il Signore, della Sua liberazione.<\/p>\n<p>In quali circostanze ci proteggiamo, per non dimenticare il nostro Dio?<\/p>\n<p>&nbsp;<\/p>\n<ul>\n<li>Davanti a un&#8217;amicizia che non \u00e8 benefica per la mia vita spirituale, c&#8217;\u00e8 in te il coraggio per rinunciare a questo, che ha promosso il tuo distacco da Dio?<\/li>\n<li>Davanti a una carriera professionale o studi che anche danno buone proiezioni finanziarie, ma non ti permettono di avere tempo per Dio e per la Sua Opera, c&#8217;\u00e8 in te il potere di decisione per cercare un altro mezzo e dare la priorit\u00e0, tutto per non allontanarti dal servizio al tuo Signore?<\/li>\n<li>Quando i cattivi occhi, l&#8217;egoismo, i sentimenti di inferiorit\u00e0 vengono, tu non ti lasci influenzare da essi, ma ti proteggi da tutto questo per gradire a Dio?<br \/>\nSiamo molto sincere: sar\u00e0 che ci stiamo, davvero, proteggendo? Soprattutto da noi stesse e delle nostre volont\u00e0, per fare la volont\u00e0 di Colui che ci chiam\u00f2 e ci ha tolte dalla schiavit\u00f9? O stiamo vivendo come schiave della nostra propria immagine, e vivendo un inganno?Stai attenta!<\/p>\n<p>Cosa ne pensi? Qual \u00e8 il tuo commento?<\/li>\n<\/ul>\n<p>&nbsp;<\/p>\n","protected":false},"excerpt":{"rendered":"<p>n quali circostanze ci proteggiamo, per non dimenticare il nostro Dio?<\/p>\n","protected":false},"author":3069,"featured_media":2205,"comment_status":"closed","ping_status":"open","sticky":false,"template":"","format":"standard","meta":{"_monsterinsights_skip_tracking":false,"_monsterinsights_sitenote_active":false,"_monsterinsights_sitenote_note":"","_monsterinsights_sitenote_category":0,"footnotes":""},"categories":[71],"tags":[],"class_list":["post-2204","post","type-post","status-publish","format-standard","has-post-thumbnail","hentry","category-serva"],"better_featured_image":{"id":2205,"alt_text":"","caption":"","description":"","media_type":"image","media_details":{"width":1900,"height":780,"file":"2019\/04\/imgpsh_fullsize-1.jpeg","image_meta":{"aperture":"0","credit":"","camera":"","caption":"","created_timestamp":"0","copyright":"ZoneCreative S.r.l.","focal_length":"0","iso":"0","shutter_speed":"0","title":"","orientation":"0","keywords":[]},"sizes":{}},"post":2204,"source_url":"https:\/\/www.vivianefreitas.com\/it\/wp-content\/blogs.dir\/8\/files\/2019\/04\/imgpsh_fullsize-1.jpeg"},"yoast_head":"<!-- This site is optimized with the Yoast SEO plugin v25.0 - https:\/\/yoast.com\/wordpress\/plugins\/seo\/ -->\n<title>Serve in allerta - Da cosa ti proteggi? - Viviane Freitas<\/title>\n<meta name=\"robots\" content=\"index, follow, max-snippet:-1, max-image-preview:large, max-video-preview:-1\" \/>\n<link rel=\"canonical\" href=\"https:\/\/www.vivianefreitas.com\/it\/serve-allerta-cosa-ti-proteggi\/\" \/>\n<meta property=\"og:locale\" content=\"it_IT\" \/>\n<meta property=\"og:type\" content=\"article\" \/>\n<meta property=\"og:title\" content=\"Serve in allerta - Da cosa ti proteggi? - Viviane Freitas\" \/>\n<meta property=\"og:description\" content=\"n quali circostanze ci proteggiamo, per non dimenticare il nostro Dio?\" \/>\n<meta property=\"og:url\" content=\"https:\/\/www.vivianefreitas.com\/it\/serve-allerta-cosa-ti-proteggi\/\" \/>\n<meta property=\"og:site_name\" content=\"Viviane Freitas\" \/>\n<meta property=\"article:published_time\" content=\"2019-04-25T07:00:59+00:00\" \/>\n<meta property=\"article:modified_time\" content=\"2023-02-20T15:12:42+00:00\" \/>\n<meta property=\"og:image\" content=\"http:\/\/www.vivianefreitas.com\/it\/files\/2019\/04\/imgpsh_fullsize-1.jpeg\" \/>\n\t<meta property=\"og:image:width\" content=\"1900\" \/>\n\t<meta property=\"og:image:height\" content=\"780\" \/>\n\t<meta property=\"og:image:type\" content=\"image\/jpeg\" \/>\n<meta name=\"author\" content=\"Lu\u00edsa Texeira\" \/>\n<meta name=\"twitter:card\" content=\"summary_large_image\" \/>\n<meta name=\"twitter:label1\" content=\"Scritto da\" \/>\n\t<meta name=\"twitter:data1\" content=\"Lu\u00edsa Texeira\" \/>\n\t<meta name=\"twitter:label2\" content=\"Tempo di lettura stimato\" \/>\n\t<meta name=\"twitter:data2\" content=\"2 minuti\" \/>\n<script type=\"application\/ld+json\" class=\"yoast-schema-graph\">{\"@context\":\"https:\/\/schema.org\",\"@graph\":[{\"@type\":\"WebPage\",\"@id\":\"https:\/\/www.vivianefreitas.com\/it\/serve-allerta-cosa-ti-proteggi\/\",\"url\":\"https:\/\/www.vivianefreitas.com\/it\/serve-allerta-cosa-ti-proteggi\/\",\"name\":\"Serve in allerta - Da cosa ti proteggi? - Viviane Freitas\",\"isPartOf\":{\"@id\":\"https:\/\/www.vivianefreitas.com\/it\/#website\"},\"primaryImageOfPage\":{\"@id\":\"https:\/\/www.vivianefreitas.com\/it\/serve-allerta-cosa-ti-proteggi\/#primaryimage\"},\"image\":{\"@id\":\"https:\/\/www.vivianefreitas.com\/it\/serve-allerta-cosa-ti-proteggi\/#primaryimage\"},\"thumbnailUrl\":\"https:\/\/www.vivianefreitas.com\/it\/wp-content\/blogs.dir\/8\/files\/2019\/04\/imgpsh_fullsize-1.jpeg\",\"datePublished\":\"2019-04-25T07:00:59+00:00\",\"dateModified\":\"2023-02-20T15:12:42+00:00\",\"author\":{\"@id\":\"https:\/\/www.vivianefreitas.com\/it\/#\/schema\/person\/3c1444580acd417dc78ea989a2a235d7\"},\"breadcrumb\":{\"@id\":\"https:\/\/www.vivianefreitas.com\/it\/serve-allerta-cosa-ti-proteggi\/#breadcrumb\"},\"inLanguage\":\"it-IT\",\"potentialAction\":[{\"@type\":\"ReadAction\",\"target\":[\"https:\/\/www.vivianefreitas.com\/it\/serve-allerta-cosa-ti-proteggi\/\"]}]},{\"@type\":\"ImageObject\",\"inLanguage\":\"it-IT\",\"@id\":\"https:\/\/www.vivianefreitas.com\/it\/serve-allerta-cosa-ti-proteggi\/#primaryimage\",\"url\":\"https:\/\/www.vivianefreitas.com\/it\/wp-content\/blogs.dir\/8\/files\/2019\/04\/imgpsh_fullsize-1.jpeg\",\"contentUrl\":\"https:\/\/www.vivianefreitas.com\/it\/wp-content\/blogs.dir\/8\/files\/2019\/04\/imgpsh_fullsize-1.jpeg\",\"width\":1900,\"height\":780},{\"@type\":\"BreadcrumbList\",\"@id\":\"https:\/\/www.vivianefreitas.com\/it\/serve-allerta-cosa-ti-proteggi\/#breadcrumb\",\"itemListElement\":[{\"@type\":\"ListItem\",\"position\":1,\"name\":\"Home\",\"item\":\"https:\/\/www.vivianefreitas.com\/it\/\"},{\"@type\":\"ListItem\",\"position\":2,\"name\":\"Serve in allerta &#8211; Da cosa ti proteggi?\"}]},{\"@type\":\"WebSite\",\"@id\":\"https:\/\/www.vivianefreitas.com\/it\/#website\",\"url\":\"https:\/\/www.vivianefreitas.com\/it\/\",\"name\":\"Viviane Freitas\",\"description\":\"Blog Ufficiale\",\"potentialAction\":[{\"@type\":\"SearchAction\",\"target\":{\"@type\":\"EntryPoint\",\"urlTemplate\":\"https:\/\/www.vivianefreitas.com\/it\/?s={search_term_string}\"},\"query-input\":{\"@type\":\"PropertyValueSpecification\",\"valueRequired\":true,\"valueName\":\"search_term_string\"}}],\"inLanguage\":\"it-IT\"},{\"@type\":\"Person\",\"@id\":\"https:\/\/www.vivianefreitas.com\/it\/#\/schema\/person\/3c1444580acd417dc78ea989a2a235d7\",\"name\":\"Lu\u00edsa Texeira\",\"image\":{\"@type\":\"ImageObject\",\"inLanguage\":\"it-IT\",\"@id\":\"https:\/\/www.vivianefreitas.com\/it\/#\/schema\/person\/image\/\",\"url\":\"https:\/\/secure.gravatar.com\/avatar\/077d0101d5fcd5e574ba39186f00603a?s=96&d=mm&r=g\",\"contentUrl\":\"https:\/\/secure.gravatar.com\/avatar\/077d0101d5fcd5e574ba39186f00603a?s=96&d=mm&r=g\",\"caption\":\"Lu\u00edsa Texeira\"},\"url\":\"https:\/\/www.vivianefreitas.com\/it\/author\/luisatex\/\"}]}<\/script>\n<!-- \/ Yoast SEO plugin. -->","yoast_head_json":{"title":"Serve in allerta - Da cosa ti proteggi? - Viviane Freitas","robots":{"index":"index","follow":"follow","max-snippet":"max-snippet:-1","max-image-preview":"max-image-preview:large","max-video-preview":"max-video-preview:-1"},"canonical":"https:\/\/www.vivianefreitas.com\/it\/serve-allerta-cosa-ti-proteggi\/","og_locale":"it_IT","og_type":"article","og_title":"Serve in allerta - Da cosa ti proteggi? - Viviane Freitas","og_description":"n quali circostanze ci proteggiamo, per non dimenticare il nostro Dio?","og_url":"https:\/\/www.vivianefreitas.com\/it\/serve-allerta-cosa-ti-proteggi\/","og_site_name":"Viviane Freitas","article_published_time":"2019-04-25T07:00:59+00:00","article_modified_time":"2023-02-20T15:12:42+00:00","og_image":[{"width":1900,"height":780,"url":"http:\/\/www.vivianefreitas.com\/it\/files\/2019\/04\/imgpsh_fullsize-1.jpeg","type":"image\/jpeg"}],"author":"Lu\u00edsa Texeira","twitter_card":"summary_large_image","twitter_misc":{"Scritto da":"Lu\u00edsa Texeira","Tempo di lettura stimato":"2 minuti"},"schema":{"@context":"https:\/\/schema.org","@graph":[{"@type":"WebPage","@id":"https:\/\/www.vivianefreitas.com\/it\/serve-allerta-cosa-ti-proteggi\/","url":"https:\/\/www.vivianefreitas.com\/it\/serve-allerta-cosa-ti-proteggi\/","name":"Serve in allerta - Da cosa ti proteggi? - Viviane Freitas","isPartOf":{"@id":"https:\/\/www.vivianefreitas.com\/it\/#website"},"primaryImageOfPage":{"@id":"https:\/\/www.vivianefreitas.com\/it\/serve-allerta-cosa-ti-proteggi\/#primaryimage"},"image":{"@id":"https:\/\/www.vivianefreitas.com\/it\/serve-allerta-cosa-ti-proteggi\/#primaryimage"},"thumbnailUrl":"https:\/\/www.vivianefreitas.com\/it\/wp-content\/blogs.dir\/8\/files\/2019\/04\/imgpsh_fullsize-1.jpeg","datePublished":"2019-04-25T07:00:59+00:00","dateModified":"2023-02-20T15:12:42+00:00","author":{"@id":"https:\/\/www.vivianefreitas.com\/it\/#\/schema\/person\/3c1444580acd417dc78ea989a2a235d7"},"breadcrumb":{"@id":"https:\/\/www.vivianefreitas.com\/it\/serve-allerta-cosa-ti-proteggi\/#breadcrumb"},"inLanguage":"it-IT","potentialAction":[{"@type":"ReadAction","target":["https:\/\/www.vivianefreitas.com\/it\/serve-allerta-cosa-ti-proteggi\/"]}]},{"@type":"ImageObject","inLanguage":"it-IT","@id":"https:\/\/www.vivianefreitas.com\/it\/serve-allerta-cosa-ti-proteggi\/#primaryimage","url":"https:\/\/www.vivianefreitas.com\/it\/wp-content\/blogs.dir\/8\/files\/2019\/04\/imgpsh_fullsize-1.jpeg","contentUrl":"https:\/\/www.vivianefreitas.com\/it\/wp-content\/blogs.dir\/8\/files\/2019\/04\/imgpsh_fullsize-1.jpeg","width":1900,"height":780},{"@type":"BreadcrumbList","@id":"https:\/\/www.vivianefreitas.com\/it\/serve-allerta-cosa-ti-proteggi\/#breadcrumb","itemListElement":[{"@type":"ListItem","position":1,"name":"Home","item":"https:\/\/www.vivianefreitas.com\/it\/"},{"@type":"ListItem","position":2,"name":"Serve in allerta &#8211; Da cosa ti proteggi?"}]},{"@type":"WebSite","@id":"https:\/\/www.vivianefreitas.com\/it\/#website","url":"https:\/\/www.vivianefreitas.com\/it\/","name":"Viviane Freitas","description":"Blog Ufficiale","potentialAction":[{"@type":"SearchAction","target":{"@type":"EntryPoint","urlTemplate":"https:\/\/www.vivianefreitas.com\/it\/?s={search_term_string}"},"query-input":{"@type":"PropertyValueSpecification","valueRequired":true,"valueName":"search_term_string"}}],"inLanguage":"it-IT"},{"@type":"Person","@id":"https:\/\/www.vivianefreitas.com\/it\/#\/schema\/person\/3c1444580acd417dc78ea989a2a235d7","name":"Lu\u00edsa Texeira","image":{"@type":"ImageObject","inLanguage":"it-IT","@id":"https:\/\/www.vivianefreitas.com\/it\/#\/schema\/person\/image\/","url":"https:\/\/secure.gravatar.com\/avatar\/077d0101d5fcd5e574ba39186f00603a?s=96&d=mm&r=g","contentUrl":"https:\/\/secure.gravatar.com\/avatar\/077d0101d5fcd5e574ba39186f00603a?s=96&d=mm&r=g","caption":"Lu\u00edsa Texeira"},"url":"https:\/\/www.vivianefreitas.com\/it\/author\/luisatex\/"}]}},"jetpack_featured_media_url":"https:\/\/www.vivianefreitas.com\/it\/wp-content\/blogs.dir\/8\/files\/2019\/04\/imgpsh_fullsize-1.jpeg","_links":{"self":[{"href":"https:\/\/www.vivianefreitas.com\/it\/wp-json\/wp\/v2\/posts\/2204","targetHints":{"allow":["GET"]}}],"collection":[{"href":"https:\/\/www.vivianefreitas.com\/it\/wp-json\/wp\/v2\/posts"}],"about":[{"href":"https:\/\/www.vivianefreitas.com\/it\/wp-json\/wp\/v2\/types\/post"}],"author":[{"embeddable":true,"href":"https:\/\/www.vivianefreitas.com\/it\/wp-json\/wp\/v2\/users\/3069"}],"replies":[{"embeddable":true,"href":"https:\/\/www.vivianefreitas.com\/it\/wp-json\/wp\/v2\/comments?post=2204"}],"version-history":[{"count":2,"href":"https:\/\/www.vivianefreitas.com\/it\/wp-json\/wp\/v2\/posts\/2204\/revisions"}],"predecessor-version":[{"id":2207,"href":"https:\/\/www.vivianefreitas.com\/it\/wp-json\/wp\/v2\/posts\/2204\/revisions\/2207"}],"wp:featuredmedia":[{"embeddable":true,"href":"https:\/\/www.vivianefreitas.com\/it\/wp-json\/wp\/v2\/media\/2205"}],"wp:attachment":[{"href":"https:\/\/www.vivianefreitas.com\/it\/wp-json\/wp\/v2\/media?parent=2204"}],"wp:term":[{"taxonomy":"category","embeddable":true,"href":"https:\/\/www.vivianefreitas.com\/it\/wp-json\/wp\/v2\/categories?post=2204"},{"taxonomy":"post_tag","embeddable":true,"href":"https:\/\/www.vivianefreitas.com\/it\/wp-json\/wp\/v2\/tags?post=2204"}],"curies":[{"name":"wp","href":"https:\/\/api.w.org\/{rel}","templated":true}]}}