{"id":21705,"date":"2018-02-02T09:50:46","date_gmt":"2018-02-02T07:50:46","guid":{"rendered":"http:\/\/www.vivianefreitas.com\/fr\/?p=21705"},"modified":"2018-01-31T12:22:57","modified_gmt":"2018-01-31T10:22:57","slug":"jeune-21-jours-9eme-jour","status":"publish","type":"post","link":"https:\/\/www.vivianefreitas.com\/fr\/2018\/02\/02\/jeune-21-jours-9eme-jour\/","title":{"rendered":"9\u00e8me Jour | Le bien est l\u2019ennemi du mal. Pourquoi s\u2019irriter contre le bien et accepter le mal?"},"content":{"rendered":"<iframe loading=\"lazy\" width=\"100%\" height=\"166\" scrolling=\"no\" frameborder=\"no\" src=\"https:\/\/w.soundcloud.com\/player?url=https%3A%2F%2Fapi.soundcloud.com%2Ftracks%2F337840509&player_height=&player_height_multi=&player_width=&player_type=visual&color=ff5500&auto_play=false&show_comments=true&show_user=true&buying=&sharing=&download=&show_artwork=&show_playcount=&hide_related=false\"><\/iframe>\n<p><strong>9\u00e8me Jour | 22 Ao\u00fbt | Mardi<\/strong><br \/>\nTh\u00e8me: Le bien est l\u2019ennemi du mal. Pourquoi s\u2019irriter contre le bien et accepter le mal?<br \/>\nGe. 4:9-15<\/p>\n<iframe loading=\"lazy\" width=\"100%\" height=\"166\" scrolling=\"no\" frameborder=\"no\" src=\"https:\/\/w.soundcloud.com\/player?url=https%3A%2F%2Fapi.soundcloud.com%2Ftracks%2F338959715&player_height=&player_height_multi=&player_width=&player_type=visual&color=ff5500&auto_play=false&show_comments=true&show_user=true&buying=&sharing=&download=&show_artwork=&show_playcount=&hide_related=false\"><\/iframe>\n<p><em>\u00abL&rsquo;Eternel dit \u00e0 Ca\u00efn: O\u00f9 est ton fr\u00e8re Abel? Il r\u00e9pondit: Je ne sais pas; suis-je le gardien <\/em><br \/>\n<em>de mon fr\u00e8re? <\/em><br \/>\n<em>Et Dieu dit: Qu&rsquo;as-tu fait? La voix du sang de ton fr\u00e8re crie de la terre jusqu&rsquo;\u00e0 Moi.<\/em><br \/>\n<em>Maintenant, tu seras maudit de la terre qui a ouvert sa bouche pour recevoir de ta main le sang de ton fr\u00e8re.<\/em><br \/>\n<em>Quand tu cultiveras le sol, il ne te donnera plus sa richesse. Tu seras errant et vagabond sur la terre.<\/em><br \/>\n<em>Ca\u00efn dit \u00e0 l&rsquo;Eternel: Mon ch\u00e2timent est trop grand pour \u00eatre support\u00e9.<\/em><br \/>\n<em>Voici, Tu me chasses aujourd&rsquo;hui de cette terre; je serai cach\u00e9 loin de Ta face, je serai errant et vagabond sur la terre, et quiconque me trouvera me tuera.<\/em><br \/>\n<em>L&rsquo;Eternel lui dit: Si quelqu&rsquo;un tuait Ca\u00efn, Ca\u00efn serait veng\u00e9 sept fois. Et l&rsquo;Eternel mit un signe sur Ca\u00efn pour que quiconque le trouverait ne le tu\u00e2t point.\u00bb<\/em><\/p>\n","protected":false},"excerpt":{"rendered":"<p>Accompagnez l&rsquo;audio.<\/p>\n","protected":false},"author":4,"featured_media":21706,"comment_status":"open","ping_status":"open","sticky":false,"template":"","format":"standard","meta":{"_monsterinsights_skip_tracking":false,"_monsterinsights_sitenote_active":false,"_monsterinsights_sitenote_note":"","_monsterinsights_sitenote_category":0,"footnotes":""},"categories":[69],"tags":[],"class_list":["post-21705","post","type-post","status-publish","format-standard","has-post-thumbnail","hentry","category-jeune-21-jours-comment-reagit-votre-ame"],"better_featured_image":{"id":21706,"alt_text":"","caption":"","description":"","media_type":"image","media_details":{"width":1900,"height":780,"file":"2017\/08\/j9dia.jpg","image_meta":{"aperture":"0","credit":"","camera":"","caption":"","created_timestamp":"0","copyright":"\u00a9Jenner - stock.adobe.com","focal_length":"0","iso":"0","shutter_speed":"0","title":"","orientation":"0","keywords":[]},"sizes":{}},"post":21705,"source_url":"https:\/\/www.vivianefreitas.com\/fr\/wp-content\/blogs.dir\/3\/files\/2017\/08\/j9dia.jpg"},"yoast_head":"<!-- This site is optimized with the Yoast SEO plugin v25.0 - https:\/\/yoast.com\/wordpress\/plugins\/seo\/ -->\n<title>9\u00e8me Jour | Le bien est l\u2019ennemi du mal. Pourquoi s\u2019irriter contre le bien et accepter le mal? - Blog Viviane Freitas<\/title>\n<meta name=\"robots\" content=\"index, follow, max-snippet:-1, max-image-preview:large, max-video-preview:-1\" \/>\n<link rel=\"canonical\" href=\"https:\/\/www.vivianefreitas.com\/fr\/2018\/02\/02\/jeune-21-jours-9eme-jour\/\" \/>\n<meta property=\"og:locale\" content=\"fr_FR\" \/>\n<meta property=\"og:type\" content=\"article\" \/>\n<meta property=\"og:title\" content=\"9\u00e8me Jour | Le bien est l\u2019ennemi du mal. Pourquoi s\u2019irriter contre le bien et accepter le mal? - Blog Viviane Freitas\" \/>\n<meta property=\"og:description\" content=\"Accompagnez l&#039;audio.\" \/>\n<meta property=\"og:url\" content=\"https:\/\/www.vivianefreitas.com\/fr\/2018\/02\/02\/jeune-21-jours-9eme-jour\/\" \/>\n<meta property=\"og:site_name\" content=\"Blog Viviane Freitas\" \/>\n<meta property=\"article:published_time\" content=\"2018-02-02T07:50:46+00:00\" \/>\n<meta property=\"og:image\" content=\"https:\/\/www.vivianefreitas.com\/fr\/files\/2017\/08\/j9dia.jpg\" \/>\n\t<meta property=\"og:image:width\" content=\"1900\" \/>\n\t<meta property=\"og:image:height\" content=\"780\" \/>\n\t<meta property=\"og:image:type\" content=\"image\/jpeg\" \/>\n<meta name=\"author\" content=\"Viviane Freitas\" \/>\n<meta name=\"twitter:card\" content=\"summary_large_image\" \/>\n<meta name=\"twitter:label1\" content=\"\u00c9crit par\" \/>\n\t<meta name=\"twitter:data1\" content=\"Viviane Freitas\" \/>\n\t<meta name=\"twitter:label2\" content=\"Dur\u00e9e de lecture estim\u00e9e\" \/>\n\t<meta name=\"twitter:data2\" content=\"1 minute\" \/>\n<script type=\"application\/ld+json\" class=\"yoast-schema-graph\">{\"@context\":\"https:\/\/schema.org\",\"@graph\":[{\"@type\":\"WebPage\",\"@id\":\"https:\/\/www.vivianefreitas.com\/fr\/2018\/02\/02\/jeune-21-jours-9eme-jour\/\",\"url\":\"https:\/\/www.vivianefreitas.com\/fr\/2018\/02\/02\/jeune-21-jours-9eme-jour\/\",\"name\":\"9\u00e8me Jour | Le bien est l\u2019ennemi du mal. Pourquoi s\u2019irriter contre le bien et accepter le mal? - Blog Viviane Freitas\",\"isPartOf\":{\"@id\":\"https:\/\/www.vivianefreitas.com\/fr\/#website\"},\"primaryImageOfPage\":{\"@id\":\"https:\/\/www.vivianefreitas.com\/fr\/2018\/02\/02\/jeune-21-jours-9eme-jour\/#primaryimage\"},\"image\":{\"@id\":\"https:\/\/www.vivianefreitas.com\/fr\/2018\/02\/02\/jeune-21-jours-9eme-jour\/#primaryimage\"},\"thumbnailUrl\":\"https:\/\/www.vivianefreitas.com\/fr\/wp-content\/blogs.dir\/3\/files\/2017\/08\/j9dia.jpg\",\"datePublished\":\"2018-02-02T07:50:46+00:00\",\"author\":{\"@id\":\"https:\/\/www.vivianefreitas.com\/fr\/#\/schema\/person\/da4a30407b47e202130ab7d6faa79cd0\"},\"inLanguage\":\"fr-FR\",\"potentialAction\":[{\"@type\":\"ReadAction\",\"target\":[\"https:\/\/www.vivianefreitas.com\/fr\/2018\/02\/02\/jeune-21-jours-9eme-jour\/\"]}]},{\"@type\":\"ImageObject\",\"inLanguage\":\"fr-FR\",\"@id\":\"https:\/\/www.vivianefreitas.com\/fr\/2018\/02\/02\/jeune-21-jours-9eme-jour\/#primaryimage\",\"url\":\"https:\/\/www.vivianefreitas.com\/fr\/wp-content\/blogs.dir\/3\/files\/2017\/08\/j9dia.jpg\",\"contentUrl\":\"https:\/\/www.vivianefreitas.com\/fr\/wp-content\/blogs.dir\/3\/files\/2017\/08\/j9dia.jpg\",\"width\":1900,\"height\":780},{\"@type\":\"WebSite\",\"@id\":\"https:\/\/www.vivianefreitas.com\/fr\/#website\",\"url\":\"https:\/\/www.vivianefreitas.com\/fr\/\",\"name\":\"Blog Viviane Freitas\",\"description\":\"Bienvenue dans mon Blog\",\"potentialAction\":[{\"@type\":\"SearchAction\",\"target\":{\"@type\":\"EntryPoint\",\"urlTemplate\":\"https:\/\/www.vivianefreitas.com\/fr\/?s={search_term_string}\"},\"query-input\":{\"@type\":\"PropertyValueSpecification\",\"valueRequired\":true,\"valueName\":\"search_term_string\"}}],\"inLanguage\":\"fr-FR\"},{\"@type\":\"Person\",\"@id\":\"https:\/\/www.vivianefreitas.com\/fr\/#\/schema\/person\/da4a30407b47e202130ab7d6faa79cd0\",\"name\":\"Viviane Freitas\",\"image\":{\"@type\":\"ImageObject\",\"inLanguage\":\"fr-FR\",\"@id\":\"https:\/\/www.vivianefreitas.com\/fr\/#\/schema\/person\/image\/\",\"url\":\"https:\/\/secure.gravatar.com\/avatar\/718ec4eec1bf41a80d57ad6b6a8be8ab?s=96&d=mm&r=g\",\"contentUrl\":\"https:\/\/secure.gravatar.com\/avatar\/718ec4eec1bf41a80d57ad6b6a8be8ab?s=96&d=mm&r=g\",\"caption\":\"Viviane Freitas\"},\"url\":\"https:\/\/www.vivianefreitas.com\/fr\/author\/viviane-freitas\/\"}]}<\/script>\n<!-- \/ Yoast SEO plugin. -->","yoast_head_json":{"title":"9\u00e8me Jour | Le bien est l\u2019ennemi du mal. Pourquoi s\u2019irriter contre le bien et accepter le mal? - Blog Viviane Freitas","robots":{"index":"index","follow":"follow","max-snippet":"max-snippet:-1","max-image-preview":"max-image-preview:large","max-video-preview":"max-video-preview:-1"},"canonical":"https:\/\/www.vivianefreitas.com\/fr\/2018\/02\/02\/jeune-21-jours-9eme-jour\/","og_locale":"fr_FR","og_type":"article","og_title":"9\u00e8me Jour | Le bien est l\u2019ennemi du mal. Pourquoi s\u2019irriter contre le bien et accepter le mal? - Blog Viviane Freitas","og_description":"Accompagnez l'audio.","og_url":"https:\/\/www.vivianefreitas.com\/fr\/2018\/02\/02\/jeune-21-jours-9eme-jour\/","og_site_name":"Blog Viviane Freitas","article_published_time":"2018-02-02T07:50:46+00:00","og_image":[{"width":1900,"height":780,"url":"https:\/\/www.vivianefreitas.com\/fr\/files\/2017\/08\/j9dia.jpg","type":"image\/jpeg"}],"author":"Viviane Freitas","twitter_card":"summary_large_image","twitter_misc":{"\u00c9crit par":"Viviane Freitas","Dur\u00e9e de lecture estim\u00e9e":"1 minute"},"schema":{"@context":"https:\/\/schema.org","@graph":[{"@type":"WebPage","@id":"https:\/\/www.vivianefreitas.com\/fr\/2018\/02\/02\/jeune-21-jours-9eme-jour\/","url":"https:\/\/www.vivianefreitas.com\/fr\/2018\/02\/02\/jeune-21-jours-9eme-jour\/","name":"9\u00e8me Jour | Le bien est l\u2019ennemi du mal. Pourquoi s\u2019irriter contre le bien et accepter le mal? - Blog Viviane Freitas","isPartOf":{"@id":"https:\/\/www.vivianefreitas.com\/fr\/#website"},"primaryImageOfPage":{"@id":"https:\/\/www.vivianefreitas.com\/fr\/2018\/02\/02\/jeune-21-jours-9eme-jour\/#primaryimage"},"image":{"@id":"https:\/\/www.vivianefreitas.com\/fr\/2018\/02\/02\/jeune-21-jours-9eme-jour\/#primaryimage"},"thumbnailUrl":"https:\/\/www.vivianefreitas.com\/fr\/wp-content\/blogs.dir\/3\/files\/2017\/08\/j9dia.jpg","datePublished":"2018-02-02T07:50:46+00:00","author":{"@id":"https:\/\/www.vivianefreitas.com\/fr\/#\/schema\/person\/da4a30407b47e202130ab7d6faa79cd0"},"inLanguage":"fr-FR","potentialAction":[{"@type":"ReadAction","target":["https:\/\/www.vivianefreitas.com\/fr\/2018\/02\/02\/jeune-21-jours-9eme-jour\/"]}]},{"@type":"ImageObject","inLanguage":"fr-FR","@id":"https:\/\/www.vivianefreitas.com\/fr\/2018\/02\/02\/jeune-21-jours-9eme-jour\/#primaryimage","url":"https:\/\/www.vivianefreitas.com\/fr\/wp-content\/blogs.dir\/3\/files\/2017\/08\/j9dia.jpg","contentUrl":"https:\/\/www.vivianefreitas.com\/fr\/wp-content\/blogs.dir\/3\/files\/2017\/08\/j9dia.jpg","width":1900,"height":780},{"@type":"WebSite","@id":"https:\/\/www.vivianefreitas.com\/fr\/#website","url":"https:\/\/www.vivianefreitas.com\/fr\/","name":"Blog Viviane Freitas","description":"Bienvenue dans mon Blog","potentialAction":[{"@type":"SearchAction","target":{"@type":"EntryPoint","urlTemplate":"https:\/\/www.vivianefreitas.com\/fr\/?s={search_term_string}"},"query-input":{"@type":"PropertyValueSpecification","valueRequired":true,"valueName":"search_term_string"}}],"inLanguage":"fr-FR"},{"@type":"Person","@id":"https:\/\/www.vivianefreitas.com\/fr\/#\/schema\/person\/da4a30407b47e202130ab7d6faa79cd0","name":"Viviane Freitas","image":{"@type":"ImageObject","inLanguage":"fr-FR","@id":"https:\/\/www.vivianefreitas.com\/fr\/#\/schema\/person\/image\/","url":"https:\/\/secure.gravatar.com\/avatar\/718ec4eec1bf41a80d57ad6b6a8be8ab?s=96&d=mm&r=g","contentUrl":"https:\/\/secure.gravatar.com\/avatar\/718ec4eec1bf41a80d57ad6b6a8be8ab?s=96&d=mm&r=g","caption":"Viviane Freitas"},"url":"https:\/\/www.vivianefreitas.com\/fr\/author\/viviane-freitas\/"}]}},"jetpack_featured_media_url":"https:\/\/www.vivianefreitas.com\/fr\/wp-content\/blogs.dir\/3\/files\/2017\/08\/j9dia.jpg","_links":{"self":[{"href":"https:\/\/www.vivianefreitas.com\/fr\/wp-json\/wp\/v2\/posts\/21705","targetHints":{"allow":["GET"]}}],"collection":[{"href":"https:\/\/www.vivianefreitas.com\/fr\/wp-json\/wp\/v2\/posts"}],"about":[{"href":"https:\/\/www.vivianefreitas.com\/fr\/wp-json\/wp\/v2\/types\/post"}],"author":[{"embeddable":true,"href":"https:\/\/www.vivianefreitas.com\/fr\/wp-json\/wp\/v2\/users\/4"}],"replies":[{"embeddable":true,"href":"https:\/\/www.vivianefreitas.com\/fr\/wp-json\/wp\/v2\/comments?post=21705"}],"version-history":[{"count":6,"href":"https:\/\/www.vivianefreitas.com\/fr\/wp-json\/wp\/v2\/posts\/21705\/revisions"}],"predecessor-version":[{"id":21855,"href":"https:\/\/www.vivianefreitas.com\/fr\/wp-json\/wp\/v2\/posts\/21705\/revisions\/21855"}],"wp:featuredmedia":[{"embeddable":true,"href":"https:\/\/www.vivianefreitas.com\/fr\/wp-json\/wp\/v2\/media\/21706"}],"wp:attachment":[{"href":"https:\/\/www.vivianefreitas.com\/fr\/wp-json\/wp\/v2\/media?parent=21705"}],"wp:term":[{"taxonomy":"category","embeddable":true,"href":"https:\/\/www.vivianefreitas.com\/fr\/wp-json\/wp\/v2\/categories?post=21705"},{"taxonomy":"post_tag","embeddable":true,"href":"https:\/\/www.vivianefreitas.com\/fr\/wp-json\/wp\/v2\/tags?post=21705"}],"curies":[{"name":"wp","href":"https:\/\/api.w.org\/{rel}","templated":true}]}}