{"id":18723,"date":"2014-10-14T14:00:54","date_gmt":"2014-10-14T14:00:54","guid":{"rendered":"http:\/\/www.vivianefreitas.com\/fr\/?p=18723"},"modified":"2014-10-15T16:02:05","modified_gmt":"2014-10-15T16:02:05","slug":"beaute-fete-des-tabernacles-maquillage","status":"publish","type":"post","link":"https:\/\/www.vivianefreitas.com\/fr\/2014\/10\/14\/beaute-fete-des-tabernacles-maquillage\/","title":{"rendered":"Beaut\u00e9\u00a0: F\u00eate des Tabernacles \u2013 Maquillage"},"content":{"rendered":"<p class=\"intro\">Bonjour mes amies,<\/p>\n<p>Vous \u00eates d\u00e9j\u00e0, certainement, bien inform\u00e9s au sujet de la f\u00eate des Tabernacles. Nous avons montr\u00e9 les mod\u00e8les et les couleurs pour la robe, a Carina nous apport\u00e9e des coiffures et maintenant, pour compl\u00e9ter, restez belle avec le maquillage.<br \/>\n<!--more--><br \/>\nSuite \u00e0 l\u2019orientation et l\u2019information de l\u2019\u00e9poque, o\u00f9 il n\u2019y avait pas beaucoup de choix de couleurs, les tons bruns, nu et terre peuvent \u00eatre utilis\u00e9s. Existe plusieurs tons marron \u00e0 utiliser \u00ab\u00a0jolis jolis\u00a0\u00bb et pour les peaux noires le ton dor\u00e9 compl\u00e8te le look.<\/p>\n<p>Ne pas utiliser des couleurs vives et rouge \u00e0 l\u00e8vres rouge. Pour les yeux, ne faites pas le contour noir comme un \u00ab\u00a0chat\u00a0\u00bb. Apr\u00e8s tout, vous ne voulez pas ressembler \u00e0 Cl\u00e9op\u00e2tre, ce n\u2019est pas vrai\u00a0? Si vous avez encore des doutes, c\u2019est juste regarder les mod\u00e8les de la publicit\u00e9 de cette f\u00eate attendu par nous.<\/p>\n<p>Restez avec les photos et investissez.<\/p>\n<p><a href=\"https:\/\/www.vivianefreitas.com\/fr\/wp-content\/blogs.dir\/3\/files\/\"><img loading=\"lazy\" decoding=\"async\" src=\"https:\/\/www.vivianefreitas.com\/fr\/wp-content\/blogs.dir\/3\/files\/\" alt=\"maquiagem_festa\" width=\"600\" height=\"400\" class=\"aligncenter size-full wp-image-23898\" \/><\/a><\/p>\n\n","protected":false},"excerpt":{"rendered":"<p>Vous \u00eates d\u00e9j\u00e0, certainement, bien inform\u00e9s au sujet de la f\u00eate des Tabernacles. Nous avons montr\u00e9 les mod\u00e8les et les couleurs pour la robe, a Carina nous apport\u00e9e des coiffures et maintenant, pour compl\u00e9ter, restez belle avec le maquillage.<\/p>\n","protected":false},"author":4,"featured_media":18724,"comment_status":"open","ping_status":"open","sticky":false,"template":"","format":"standard","meta":{"_monsterinsights_skip_tracking":false,"_monsterinsights_sitenote_active":false,"_monsterinsights_sitenote_note":"","_monsterinsights_sitenote_category":0,"footnotes":""},"categories":[14],"tags":[],"class_list":["post-18723","post","type-post","status-publish","format-standard","has-post-thumbnail","hentry","category-beaute"],"better_featured_image":{"id":18724,"alt_text":"","caption":"","description":"","media_type":"image","media_details":{"width":660,"height":261,"file":"2014\/10\/tabernaculo-maquiagem.jpg","sizes":{"thumbnail":{"file":"tabernaculo-maquiagem-150x150.jpg","width":150,"height":150,"mime-type":"image\/jpeg","source_url":"https:\/\/www.vivianefreitas.com\/fr\/wp-content\/blogs.dir\/3\/files\/2014\/10\/tabernaculo-maquiagem-150x150.jpg"},"medium":{"file":"tabernaculo-maquiagem-300x118.jpg","width":300,"height":118,"mime-type":"image\/jpeg","source_url":"https:\/\/www.vivianefreitas.com\/fr\/wp-content\/blogs.dir\/3\/files\/2014\/10\/tabernaculo-maquiagem-300x118.jpg"},"blogintro":{"file":"tabernaculo-maquiagem-144x100.jpg","width":144,"height":100,"mime-type":"image\/jpeg","source_url":"https:\/\/www.vivianefreitas.com\/fr\/wp-content\/blogs.dir\/3\/files\/2014\/10\/tabernaculo-maquiagem-144x100.jpg"},"onethirdsquare":{"file":"tabernaculo-maquiagem-300x261.jpg","width":300,"height":261,"mime-type":"image\/jpeg","source_url":"https:\/\/www.vivianefreitas.com\/fr\/wp-content\/blogs.dir\/3\/files\/2014\/10\/tabernaculo-maquiagem-300x261.jpg"},"oneforthsquare":{"file":"tabernaculo-maquiagem-219x219.jpg","width":219,"height":219,"mime-type":"image\/jpeg","source_url":"https:\/\/www.vivianefreitas.com\/fr\/wp-content\/blogs.dir\/3\/files\/2014\/10\/tabernaculo-maquiagem-219x219.jpg"},"onefifthsquare":{"file":"tabernaculo-maquiagem-168x168.jpg","width":168,"height":168,"mime-type":"image\/jpeg","source_url":"https:\/\/www.vivianefreitas.com\/fr\/wp-content\/blogs.dir\/3\/files\/2014\/10\/tabernaculo-maquiagem-168x168.jpg"},"onesixthsquare":{"file":"tabernaculo-maquiagem-135x135.jpg","width":135,"height":135,"mime-type":"image\/jpeg","source_url":"https:\/\/www.vivianefreitas.com\/fr\/wp-content\/blogs.dir\/3\/files\/2014\/10\/tabernaculo-maquiagem-135x135.jpg"},"onethirdlandscape":{"file":"tabernaculo-maquiagem-300x200.jpg","width":300,"height":200,"mime-type":"image\/jpeg","source_url":"https:\/\/www.vivianefreitas.com\/fr\/wp-content\/blogs.dir\/3\/files\/2014\/10\/tabernaculo-maquiagem-300x200.jpg"},"oneforthlandscape":{"file":"tabernaculo-maquiagem-219x146.jpg","width":219,"height":146,"mime-type":"image\/jpeg","source_url":"https:\/\/www.vivianefreitas.com\/fr\/wp-content\/blogs.dir\/3\/files\/2014\/10\/tabernaculo-maquiagem-219x146.jpg"},"onefifthlandscape":{"file":"tabernaculo-maquiagem-168x112.jpg","width":168,"height":112,"mime-type":"image\/jpeg","source_url":"https:\/\/www.vivianefreitas.com\/fr\/wp-content\/blogs.dir\/3\/files\/2014\/10\/tabernaculo-maquiagem-168x112.jpg"},"onesixthlandscape":{"file":"tabernaculo-maquiagem-135x90.jpg","width":135,"height":90,"mime-type":"image\/jpeg","source_url":"https:\/\/www.vivianefreitas.com\/fr\/wp-content\/blogs.dir\/3\/files\/2014\/10\/tabernaculo-maquiagem-135x90.jpg"},"onethirdportrait":{"file":"tabernaculo-maquiagem-300x261.jpg","width":300,"height":261,"mime-type":"image\/jpeg","source_url":"https:\/\/www.vivianefreitas.com\/fr\/wp-content\/blogs.dir\/3\/files\/2014\/10\/tabernaculo-maquiagem-300x261.jpg"},"oneforthportrait":{"file":"tabernaculo-maquiagem-219x261.jpg","width":219,"height":261,"mime-type":"image\/jpeg","source_url":"https:\/\/www.vivianefreitas.com\/fr\/wp-content\/blogs.dir\/3\/files\/2014\/10\/tabernaculo-maquiagem-219x261.jpg"},"onehalfsquare-inpost":{"file":"tabernaculo-maquiagem-305x261.jpg","width":305,"height":261,"mime-type":"image\/jpeg","source_url":"https:\/\/www.vivianefreitas.com\/fr\/wp-content\/blogs.dir\/3\/files\/2014\/10\/tabernaculo-maquiagem-305x261.jpg"},"onethirdsquare-inpost":{"file":"tabernaculo-maquiagem-200x200.jpg","width":200,"height":200,"mime-type":"image\/jpeg","source_url":"https:\/\/www.vivianefreitas.com\/fr\/wp-content\/blogs.dir\/3\/files\/2014\/10\/tabernaculo-maquiagem-200x200.jpg"},"oneforthsquare-inpost":{"file":"tabernaculo-maquiagem-145x145.jpg","width":145,"height":145,"mime-type":"image\/jpeg","source_url":"https:\/\/www.vivianefreitas.com\/fr\/wp-content\/blogs.dir\/3\/files\/2014\/10\/tabernaculo-maquiagem-145x145.jpg"},"onehalflandscape-inpost":{"file":"tabernaculo-maquiagem-305x205.jpg","width":305,"height":205,"mime-type":"image\/jpeg","source_url":"https:\/\/www.vivianefreitas.com\/fr\/wp-content\/blogs.dir\/3\/files\/2014\/10\/tabernaculo-maquiagem-305x205.jpg"},"onethirdlandscape-inpost":{"file":"tabernaculo-maquiagem-200x132.jpg","width":200,"height":132,"mime-type":"image\/jpeg","source_url":"https:\/\/www.vivianefreitas.com\/fr\/wp-content\/blogs.dir\/3\/files\/2014\/10\/tabernaculo-maquiagem-200x132.jpg"},"oneforthlandscape-inpost":{"file":"tabernaculo-maquiagem-145x96.jpg","width":145,"height":96,"mime-type":"image\/jpeg","source_url":"https:\/\/www.vivianefreitas.com\/fr\/wp-content\/blogs.dir\/3\/files\/2014\/10\/tabernaculo-maquiagem-145x96.jpg"},"onehalfportrait-inpost":{"file":"tabernaculo-maquiagem-305x261.jpg","width":305,"height":261,"mime-type":"image\/jpeg","source_url":"https:\/\/www.vivianefreitas.com\/fr\/wp-content\/blogs.dir\/3\/files\/2014\/10\/tabernaculo-maquiagem-305x261.jpg"},"onethirdportrait-inpost":{"file":"tabernaculo-maquiagem-200x261.jpg","width":200,"height":261,"mime-type":"image\/jpeg","source_url":"https:\/\/www.vivianefreitas.com\/fr\/wp-content\/blogs.dir\/3\/files\/2014\/10\/tabernaculo-maquiagem-200x261.jpg"},"oneforthportrait-inpost":{"file":"tabernaculo-maquiagem-145x193.jpg","width":145,"height":193,"mime-type":"image\/jpeg","source_url":"https:\/\/www.vivianefreitas.com\/fr\/wp-content\/blogs.dir\/3\/files\/2014\/10\/tabernaculo-maquiagem-145x193.jpg"},"pensamentos":{"file":"tabernaculo-maquiagem-285x261.jpg","width":285,"height":261,"mime-type":"image\/jpeg","source_url":"https:\/\/www.vivianefreitas.com\/fr\/wp-content\/blogs.dir\/3\/files\/2014\/10\/tabernaculo-maquiagem-285x261.jpg"},"categ":{"file":"tabernaculo-maquiagem-210x85.jpg","width":210,"height":85,"mime-type":"image\/jpeg","source_url":"https:\/\/www.vivianefreitas.com\/fr\/wp-content\/blogs.dir\/3\/files\/2014\/10\/tabernaculo-maquiagem-210x85.jpg"}},"image_meta":{"aperture":0,"credit":"","camera":"","caption":"","created_timestamp":0,"copyright":"","focal_length":0,"iso":0,"shutter_speed":0,"title":""}},"post":18723,"source_url":"https:\/\/www.vivianefreitas.com\/fr\/wp-content\/blogs.dir\/3\/files\/2014\/10\/tabernaculo-maquiagem.jpg"},"yoast_head":"<!-- This site is optimized with the Yoast SEO plugin v25.0 - https:\/\/yoast.com\/wordpress\/plugins\/seo\/ -->\n<title>Beaut\u00e9\u00a0: F\u00eate des Tabernacles \u2013 Maquillage - Blog Viviane Freitas<\/title>\n<meta name=\"robots\" content=\"index, follow, max-snippet:-1, max-image-preview:large, max-video-preview:-1\" \/>\n<link rel=\"canonical\" href=\"https:\/\/www.vivianefreitas.com\/fr\/2014\/10\/14\/beaute-fete-des-tabernacles-maquillage\/\" \/>\n<meta property=\"og:locale\" content=\"fr_FR\" \/>\n<meta property=\"og:type\" content=\"article\" \/>\n<meta property=\"og:title\" content=\"Beaut\u00e9\u00a0: F\u00eate des Tabernacles \u2013 Maquillage - Blog Viviane Freitas\" \/>\n<meta property=\"og:description\" content=\"Vous \u00eates d\u00e9j\u00e0, certainement, bien inform\u00e9s au sujet de la f\u00eate des Tabernacles. Nous avons montr\u00e9 les mod\u00e8les et les couleurs pour la robe, a Carina nous apport\u00e9e des coiffures et maintenant, pour compl\u00e9ter, restez belle avec le maquillage.\" \/>\n<meta property=\"og:url\" content=\"https:\/\/www.vivianefreitas.com\/fr\/2014\/10\/14\/beaute-fete-des-tabernacles-maquillage\/\" \/>\n<meta property=\"og:site_name\" content=\"Blog Viviane Freitas\" \/>\n<meta property=\"article:published_time\" content=\"2014-10-14T14:00:54+00:00\" \/>\n<meta property=\"article:modified_time\" content=\"2014-10-15T16:02:05+00:00\" \/>\n<meta property=\"og:image\" content=\"https:\/\/www.vivianefreitas.com\/fr\/files\/2014\/10\/tabernaculo-maquiagem.jpg\" \/>\n\t<meta property=\"og:image:width\" content=\"660\" \/>\n\t<meta property=\"og:image:height\" content=\"261\" \/>\n\t<meta property=\"og:image:type\" content=\"image\/jpeg\" \/>\n<meta name=\"author\" content=\"Viviane Freitas\" \/>\n<meta name=\"twitter:card\" content=\"summary_large_image\" \/>\n<meta name=\"twitter:label1\" content=\"\u00c9crit par\" \/>\n\t<meta name=\"twitter:data1\" content=\"Viviane Freitas\" \/>\n\t<meta name=\"twitter:label2\" content=\"Dur\u00e9e de lecture estim\u00e9e\" \/>\n\t<meta name=\"twitter:data2\" content=\"1 minute\" \/>\n<script type=\"application\/ld+json\" class=\"yoast-schema-graph\">{\"@context\":\"https:\/\/schema.org\",\"@graph\":[{\"@type\":\"WebPage\",\"@id\":\"https:\/\/www.vivianefreitas.com\/fr\/2014\/10\/14\/beaute-fete-des-tabernacles-maquillage\/\",\"url\":\"https:\/\/www.vivianefreitas.com\/fr\/2014\/10\/14\/beaute-fete-des-tabernacles-maquillage\/\",\"name\":\"Beaut\u00e9\u00a0: F\u00eate des Tabernacles \u2013 Maquillage - Blog Viviane Freitas\",\"isPartOf\":{\"@id\":\"https:\/\/www.vivianefreitas.com\/fr\/#website\"},\"primaryImageOfPage\":{\"@id\":\"https:\/\/www.vivianefreitas.com\/fr\/2014\/10\/14\/beaute-fete-des-tabernacles-maquillage\/#primaryimage\"},\"image\":{\"@id\":\"https:\/\/www.vivianefreitas.com\/fr\/2014\/10\/14\/beaute-fete-des-tabernacles-maquillage\/#primaryimage\"},\"thumbnailUrl\":\"https:\/\/www.vivianefreitas.com\/fr\/wp-content\/blogs.dir\/3\/files\/2014\/10\/tabernaculo-maquiagem.jpg\",\"datePublished\":\"2014-10-14T14:00:54+00:00\",\"dateModified\":\"2014-10-15T16:02:05+00:00\",\"author\":{\"@id\":\"https:\/\/www.vivianefreitas.com\/fr\/#\/schema\/person\/da4a30407b47e202130ab7d6faa79cd0\"},\"inLanguage\":\"fr-FR\",\"potentialAction\":[{\"@type\":\"ReadAction\",\"target\":[\"https:\/\/www.vivianefreitas.com\/fr\/2014\/10\/14\/beaute-fete-des-tabernacles-maquillage\/\"]}]},{\"@type\":\"ImageObject\",\"inLanguage\":\"fr-FR\",\"@id\":\"https:\/\/www.vivianefreitas.com\/fr\/2014\/10\/14\/beaute-fete-des-tabernacles-maquillage\/#primaryimage\",\"url\":\"https:\/\/www.vivianefreitas.com\/fr\/wp-content\/blogs.dir\/3\/files\/2014\/10\/tabernaculo-maquiagem.jpg\",\"contentUrl\":\"https:\/\/www.vivianefreitas.com\/fr\/wp-content\/blogs.dir\/3\/files\/2014\/10\/tabernaculo-maquiagem.jpg\",\"width\":660,\"height\":261},{\"@type\":\"WebSite\",\"@id\":\"https:\/\/www.vivianefreitas.com\/fr\/#website\",\"url\":\"https:\/\/www.vivianefreitas.com\/fr\/\",\"name\":\"Blog Viviane Freitas\",\"description\":\"Bienvenue dans mon Blog\",\"potentialAction\":[{\"@type\":\"SearchAction\",\"target\":{\"@type\":\"EntryPoint\",\"urlTemplate\":\"https:\/\/www.vivianefreitas.com\/fr\/?s={search_term_string}\"},\"query-input\":{\"@type\":\"PropertyValueSpecification\",\"valueRequired\":true,\"valueName\":\"search_term_string\"}}],\"inLanguage\":\"fr-FR\"},{\"@type\":\"Person\",\"@id\":\"https:\/\/www.vivianefreitas.com\/fr\/#\/schema\/person\/da4a30407b47e202130ab7d6faa79cd0\",\"name\":\"Viviane Freitas\",\"image\":{\"@type\":\"ImageObject\",\"inLanguage\":\"fr-FR\",\"@id\":\"https:\/\/www.vivianefreitas.com\/fr\/#\/schema\/person\/image\/\",\"url\":\"https:\/\/secure.gravatar.com\/avatar\/718ec4eec1bf41a80d57ad6b6a8be8ab?s=96&d=mm&r=g\",\"contentUrl\":\"https:\/\/secure.gravatar.com\/avatar\/718ec4eec1bf41a80d57ad6b6a8be8ab?s=96&d=mm&r=g\",\"caption\":\"Viviane Freitas\"},\"url\":\"https:\/\/www.vivianefreitas.com\/fr\/author\/viviane-freitas\/\"}]}<\/script>\n<!-- \/ Yoast SEO plugin. -->","yoast_head_json":{"title":"Beaut\u00e9\u00a0: F\u00eate des Tabernacles \u2013 Maquillage - Blog Viviane Freitas","robots":{"index":"index","follow":"follow","max-snippet":"max-snippet:-1","max-image-preview":"max-image-preview:large","max-video-preview":"max-video-preview:-1"},"canonical":"https:\/\/www.vivianefreitas.com\/fr\/2014\/10\/14\/beaute-fete-des-tabernacles-maquillage\/","og_locale":"fr_FR","og_type":"article","og_title":"Beaut\u00e9\u00a0: F\u00eate des Tabernacles \u2013 Maquillage - Blog Viviane Freitas","og_description":"Vous \u00eates d\u00e9j\u00e0, certainement, bien inform\u00e9s au sujet de la f\u00eate des Tabernacles. Nous avons montr\u00e9 les mod\u00e8les et les couleurs pour la robe, a Carina nous apport\u00e9e des coiffures et maintenant, pour compl\u00e9ter, restez belle avec le maquillage.","og_url":"https:\/\/www.vivianefreitas.com\/fr\/2014\/10\/14\/beaute-fete-des-tabernacles-maquillage\/","og_site_name":"Blog Viviane Freitas","article_published_time":"2014-10-14T14:00:54+00:00","article_modified_time":"2014-10-15T16:02:05+00:00","og_image":[{"width":660,"height":261,"url":"https:\/\/www.vivianefreitas.com\/fr\/files\/2014\/10\/tabernaculo-maquiagem.jpg","type":"image\/jpeg"}],"author":"Viviane Freitas","twitter_card":"summary_large_image","twitter_misc":{"\u00c9crit par":"Viviane Freitas","Dur\u00e9e de lecture estim\u00e9e":"1 minute"},"schema":{"@context":"https:\/\/schema.org","@graph":[{"@type":"WebPage","@id":"https:\/\/www.vivianefreitas.com\/fr\/2014\/10\/14\/beaute-fete-des-tabernacles-maquillage\/","url":"https:\/\/www.vivianefreitas.com\/fr\/2014\/10\/14\/beaute-fete-des-tabernacles-maquillage\/","name":"Beaut\u00e9\u00a0: F\u00eate des Tabernacles \u2013 Maquillage - Blog Viviane Freitas","isPartOf":{"@id":"https:\/\/www.vivianefreitas.com\/fr\/#website"},"primaryImageOfPage":{"@id":"https:\/\/www.vivianefreitas.com\/fr\/2014\/10\/14\/beaute-fete-des-tabernacles-maquillage\/#primaryimage"},"image":{"@id":"https:\/\/www.vivianefreitas.com\/fr\/2014\/10\/14\/beaute-fete-des-tabernacles-maquillage\/#primaryimage"},"thumbnailUrl":"https:\/\/www.vivianefreitas.com\/fr\/wp-content\/blogs.dir\/3\/files\/2014\/10\/tabernaculo-maquiagem.jpg","datePublished":"2014-10-14T14:00:54+00:00","dateModified":"2014-10-15T16:02:05+00:00","author":{"@id":"https:\/\/www.vivianefreitas.com\/fr\/#\/schema\/person\/da4a30407b47e202130ab7d6faa79cd0"},"inLanguage":"fr-FR","potentialAction":[{"@type":"ReadAction","target":["https:\/\/www.vivianefreitas.com\/fr\/2014\/10\/14\/beaute-fete-des-tabernacles-maquillage\/"]}]},{"@type":"ImageObject","inLanguage":"fr-FR","@id":"https:\/\/www.vivianefreitas.com\/fr\/2014\/10\/14\/beaute-fete-des-tabernacles-maquillage\/#primaryimage","url":"https:\/\/www.vivianefreitas.com\/fr\/wp-content\/blogs.dir\/3\/files\/2014\/10\/tabernaculo-maquiagem.jpg","contentUrl":"https:\/\/www.vivianefreitas.com\/fr\/wp-content\/blogs.dir\/3\/files\/2014\/10\/tabernaculo-maquiagem.jpg","width":660,"height":261},{"@type":"WebSite","@id":"https:\/\/www.vivianefreitas.com\/fr\/#website","url":"https:\/\/www.vivianefreitas.com\/fr\/","name":"Blog Viviane Freitas","description":"Bienvenue dans mon Blog","potentialAction":[{"@type":"SearchAction","target":{"@type":"EntryPoint","urlTemplate":"https:\/\/www.vivianefreitas.com\/fr\/?s={search_term_string}"},"query-input":{"@type":"PropertyValueSpecification","valueRequired":true,"valueName":"search_term_string"}}],"inLanguage":"fr-FR"},{"@type":"Person","@id":"https:\/\/www.vivianefreitas.com\/fr\/#\/schema\/person\/da4a30407b47e202130ab7d6faa79cd0","name":"Viviane Freitas","image":{"@type":"ImageObject","inLanguage":"fr-FR","@id":"https:\/\/www.vivianefreitas.com\/fr\/#\/schema\/person\/image\/","url":"https:\/\/secure.gravatar.com\/avatar\/718ec4eec1bf41a80d57ad6b6a8be8ab?s=96&d=mm&r=g","contentUrl":"https:\/\/secure.gravatar.com\/avatar\/718ec4eec1bf41a80d57ad6b6a8be8ab?s=96&d=mm&r=g","caption":"Viviane Freitas"},"url":"https:\/\/www.vivianefreitas.com\/fr\/author\/viviane-freitas\/"}]}},"jetpack_featured_media_url":"https:\/\/www.vivianefreitas.com\/fr\/wp-content\/blogs.dir\/3\/files\/2014\/10\/tabernaculo-maquiagem.jpg","_links":{"self":[{"href":"https:\/\/www.vivianefreitas.com\/fr\/wp-json\/wp\/v2\/posts\/18723","targetHints":{"allow":["GET"]}}],"collection":[{"href":"https:\/\/www.vivianefreitas.com\/fr\/wp-json\/wp\/v2\/posts"}],"about":[{"href":"https:\/\/www.vivianefreitas.com\/fr\/wp-json\/wp\/v2\/types\/post"}],"author":[{"embeddable":true,"href":"https:\/\/www.vivianefreitas.com\/fr\/wp-json\/wp\/v2\/users\/4"}],"replies":[{"embeddable":true,"href":"https:\/\/www.vivianefreitas.com\/fr\/wp-json\/wp\/v2\/comments?post=18723"}],"version-history":[{"count":1,"href":"https:\/\/www.vivianefreitas.com\/fr\/wp-json\/wp\/v2\/posts\/18723\/revisions"}],"predecessor-version":[{"id":18725,"href":"https:\/\/www.vivianefreitas.com\/fr\/wp-json\/wp\/v2\/posts\/18723\/revisions\/18725"}],"wp:featuredmedia":[{"embeddable":true,"href":"https:\/\/www.vivianefreitas.com\/fr\/wp-json\/wp\/v2\/media\/18724"}],"wp:attachment":[{"href":"https:\/\/www.vivianefreitas.com\/fr\/wp-json\/wp\/v2\/media?parent=18723"}],"wp:term":[{"taxonomy":"category","embeddable":true,"href":"https:\/\/www.vivianefreitas.com\/fr\/wp-json\/wp\/v2\/categories?post=18723"},{"taxonomy":"post_tag","embeddable":true,"href":"https:\/\/www.vivianefreitas.com\/fr\/wp-json\/wp\/v2\/tags?post=18723"}],"curies":[{"name":"wp","href":"https:\/\/api.w.org\/{rel}","templated":true}]}}